{"id":1703,"date":"2022-08-28T14:12:54","date_gmt":"2022-08-28T13:12:54","guid":{"rendered":"https:\/\/www.zendehdelan.org\/?p=1703"},"modified":"2025-08-25T11:48:22","modified_gmt":"2025-08-25T10:48:22","slug":"faiths-in-tune-festival-berlin","status":"publish","type":"post","link":"https:\/\/www.zendehdelan.org\/fr\/faiths-in-tune-festival-berlin\/","title":{"rendered":"Festival \"Faiths In Tune\" - Berlin"},"content":{"rendered":"<div class=\"wpb-content-wrapper\"><div      class=\"vc_row wpb_row section vc_row-fluid\" style=' text-align:left;'><div class=\"full_section_inner clearfix\"><div class=\"wpb_column vc_column_container vc_col-sm-12\"><div class=\"vc_column-inner\"><div class=\"wpb_wrapper\"><div class='q_elements_holder two_columns responsive_mode_from_768' ><div class='q_elements_item' data-480-600='0% 2% 0% 0%' data-480='0% 2% 0% 0%' data-animation='no' data-item-class='q_elements_holder_custom_575985' style='vertical-align:top;'><div class='q_elements_item_inner'><div class='q_elements_item_content q_elements_holder_custom_575985' style='padding:0% 10% 0% 0%'>\n\t<div class=\"wpb_text_column wpb_content_element\">\n\t\t<div class=\"wpb_wrapper\">\n\t\t\t<h2>Faith In Tune Festival &#8211; Berlin<\/h2>\n\n\t\t<\/div>\n\t<\/div><div class=\"vc_empty_space\"  style=\"height: 25px\" >\n\t<span class=\"vc_empty_space_inner\">\n\t\t<span class=\"empty_space_image\"  ><\/span>\n\t<\/span>\n<\/div>\n\t<div class=\"wpb_text_column wpb_content_element\">\n\t\t<div class=\"wpb_wrapper\">\n\t\t\t<pre>28 Ao\u00fbt 2022<\/pre>\n\n\t\t<\/div>\n\t<\/div><div class=\"separator  small left\" style=\"margin-top: 16px;margin-bottom: 32px;background-color: #c7a082;height: 1px;width: 105px;\"><\/div>\n\t<div class=\"wpb_text_column wpb_content_element\">\n\t\t<div class=\"wpb_wrapper\">\n\t\t\t<p class=\"translation-block\">MTO Zendeh Delan\u00ae a particip\u00e9 au festival Faiths in Tune \u00e0 Berlin le 28 ao\u00fbt 2022.<\/p>\n<p><span style=\"font-weight: 400;\">Le festival proposait un programme de musique et de danse toute la journ\u00e9e, un salon interconfessionnel, des ateliers interactifs, des expositions sur la religion et le dialogue interreligieux.<\/span><\/p>\n\n\t\t<\/div>\n\t<\/div><\/div><\/div><\/div><div class='q_elements_item' data-600-768='7% 0% 0% 0%' data-480-600='7% 0% 0% 0%' data-480='7% 0% 0% 0%' data-animation='no' data-item-class='q_elements_holder_custom_646625' style='text-align:left;'><div class='q_elements_item_inner'><div class='q_elements_item_content q_elements_holder_custom_646625'>\n\t<div class=\"wpb_video_widget wpb_content_element vc_clearfix   vc_video-aspect-ratio-169 vc_video-el-width-100 vc_video-align-left\" >\n\t\t<div class=\"wpb_wrapper\">\n\t\t\t\n\t\t\t<div class=\"wpb_video_wrapper\"><iframe loading=\"lazy\" title=\"Faiths In Tune - 2022.mp4\" src=\"https:\/\/player.vimeo.com\/video\/795991016?dnt=1&amp;app_id=122963\" width=\"500\" height=\"281\" frameborder=\"0\" allow=\"autoplay; fullscreen; picture-in-picture; clipboard-write\"><\/iframe><\/div>\n\t\t<\/div>\n\t<\/div>\n<\/div><\/div><\/div><\/div><\/div><\/div><\/div><\/div><\/div>\n<\/div>","protected":false},"excerpt":{"rendered":"<p>MTO Zendeh Delan\u00ae took part at the Faiths in Tune festival in Berlin on the 28th August 2022. The festival featured an all-day music &#038; dance festival stage programme, an interfaith fair, interactive workshops, exhibitions on religion and interfaith coexistence.<\/p>","protected":false},"author":2,"featured_media":1689,"comment_status":"closed","ping_status":"open","sticky":false,"template":"","format":"standard","meta":{"footnotes":""},"categories":[1],"tags":[],"class_list":["post-1703","post","type-post","status-publish","format-standard","has-post-thumbnail","hentry","category-uncategorised"],"yoast_head":"<!-- This site is optimized with the Yoast SEO plugin v27.2 - https:\/\/yoast.com\/product\/yoast-seo-wordpress\/ -->\n<title>Faiths In Tune - Berlin | MTO Zendeh Delan<\/title>\n<meta name=\"description\" content=\"MTO Zendeh Delan\u00ae took part at the Faiths in Tune festival in Berlin on the 28th August 2022. The festival featured an all-day music &amp; dance festival stage programme, an interfaith fair, interactive workshops, exhibitions on religion and interfaith coexistence.\" \/>\n<meta name=\"robots\" content=\"index, follow, max-snippet:-1, max-image-preview:large, max-video-preview:-1\" \/>\n<link rel=\"canonical\" href=\"https:\/\/www.zendehdelan.org\/fr\/faiths-in-tune-festival-berlin\/\" \/>\n<meta property=\"og:locale\" content=\"fr_FR\" \/>\n<meta property=\"og:type\" content=\"article\" \/>\n<meta property=\"og:title\" content=\"Faiths In Tune - Berlin | MTO Zendeh Delan\" \/>\n<meta property=\"og:description\" content=\"MTO Zendeh Delan\u00ae took part at the Faiths in Tune festival in Berlin on the 28th August 2022. The festival featured an all-day music &amp; dance festival stage programme, an interfaith fair, interactive workshops, exhibitions on religion and interfaith coexistence.\" \/>\n<meta property=\"og:url\" content=\"https:\/\/www.zendehdelan.org\/fr\/faiths-in-tune-festival-berlin\/\" \/>\n<meta property=\"og:site_name\" content=\"MTO Zendeh Delan\" \/>\n<meta property=\"article:publisher\" content=\"https:\/\/www.facebook.com\/ZendehDelan\" \/>\n<meta property=\"article:published_time\" content=\"2022-08-28T13:12:54+00:00\" \/>\n<meta property=\"article:modified_time\" content=\"2025-08-25T10:48:22+00:00\" \/>\n<meta property=\"og:image\" content=\"https:\/\/www.zendehdelan.org\/wp-content\/uploads\/2023\/02\/berlin-interfaith-festival.jpeg\" \/>\n\t<meta property=\"og:image:width\" content=\"1080\" \/>\n\t<meta property=\"og:image:height\" content=\"1080\" \/>\n\t<meta property=\"og:image:type\" content=\"image\/jpeg\" \/>\n<meta name=\"author\" content=\"Reza Faraji\" \/>\n<meta name=\"twitter:card\" content=\"summary_large_image\" \/>\n<meta name=\"twitter:creator\" content=\"@ZendehDelan\" \/>\n<meta name=\"twitter:site\" content=\"@ZendehDelan\" \/>\n<meta name=\"twitter:label1\" content=\"\u00c9crit par\" \/>\n\t<meta name=\"twitter:data1\" content=\"Reza Faraji\" \/>\n\t<meta name=\"twitter:label2\" content=\"Dur\u00e9e de lecture estim\u00e9e\" \/>\n\t<meta name=\"twitter:data2\" content=\"1 minute\" \/>\n<script type=\"application\/ld+json\" class=\"yoast-schema-graph\">{\"@context\":\"https:\/\/schema.org\",\"@graph\":[{\"@type\":\"Article\",\"@id\":\"https:\/\/www.zendehdelan.org\/faiths-in-tune-festival-berlin\/#article\",\"isPartOf\":{\"@id\":\"https:\/\/www.zendehdelan.org\/faiths-in-tune-festival-berlin\/\"},\"author\":{\"name\":\"Reza Faraji\",\"@id\":\"https:\/\/www.zendehdelan.org\/#\/schema\/person\/eee54676e11f9cc0438dd6497f43cc9b\"},\"headline\":\"Faiths In Tune &#8211; Berlin\",\"datePublished\":\"2022-08-28T13:12:54+00:00\",\"dateModified\":\"2025-08-25T10:48:22+00:00\",\"mainEntityOfPage\":{\"@id\":\"https:\/\/www.zendehdelan.org\/faiths-in-tune-festival-berlin\/\"},\"wordCount\":178,\"publisher\":{\"@id\":\"https:\/\/www.zendehdelan.org\/#organization\"},\"image\":{\"@id\":\"https:\/\/www.zendehdelan.org\/faiths-in-tune-festival-berlin\/#primaryimage\"},\"thumbnailUrl\":\"https:\/\/www.zendehdelan.org\/wp-content\/uploads\/2023\/02\/berlin-interfaith-festival.jpeg\",\"articleSection\":[\"Uncategorised\"],\"inLanguage\":\"fr-FR\"},{\"@type\":\"WebPage\",\"@id\":\"https:\/\/www.zendehdelan.org\/faiths-in-tune-festival-berlin\/\",\"url\":\"https:\/\/www.zendehdelan.org\/faiths-in-tune-festival-berlin\/\",\"name\":\"Faiths In Tune - Berlin | MTO Zendeh Delan\",\"isPartOf\":{\"@id\":\"https:\/\/www.zendehdelan.org\/#website\"},\"primaryImageOfPage\":{\"@id\":\"https:\/\/www.zendehdelan.org\/faiths-in-tune-festival-berlin\/#primaryimage\"},\"image\":{\"@id\":\"https:\/\/www.zendehdelan.org\/faiths-in-tune-festival-berlin\/#primaryimage\"},\"thumbnailUrl\":\"https:\/\/www.zendehdelan.org\/wp-content\/uploads\/2023\/02\/berlin-interfaith-festival.jpeg\",\"datePublished\":\"2022-08-28T13:12:54+00:00\",\"dateModified\":\"2025-08-25T10:48:22+00:00\",\"description\":\"MTO Zendeh Delan\u00ae took part at the Faiths in Tune festival in Berlin on the 28th August 2022. The festival featured an all-day music & dance festival stage programme, an interfaith fair, interactive workshops, exhibitions on religion and interfaith coexistence.\",\"breadcrumb\":{\"@id\":\"https:\/\/www.zendehdelan.org\/faiths-in-tune-festival-berlin\/#breadcrumb\"},\"inLanguage\":\"fr-FR\",\"potentialAction\":[{\"@type\":\"ReadAction\",\"target\":[\"https:\/\/www.zendehdelan.org\/faiths-in-tune-festival-berlin\/\"]}]},{\"@type\":\"ImageObject\",\"inLanguage\":\"fr-FR\",\"@id\":\"https:\/\/www.zendehdelan.org\/faiths-in-tune-festival-berlin\/#primaryimage\",\"url\":\"https:\/\/www.zendehdelan.org\/wp-content\/uploads\/2023\/02\/berlin-interfaith-festival.jpeg\",\"contentUrl\":\"https:\/\/www.zendehdelan.org\/wp-content\/uploads\/2023\/02\/berlin-interfaith-festival.jpeg\",\"width\":1080,\"height\":1080},{\"@type\":\"BreadcrumbList\",\"@id\":\"https:\/\/www.zendehdelan.org\/faiths-in-tune-festival-berlin\/#breadcrumb\",\"itemListElement\":[{\"@type\":\"ListItem\",\"position\":1,\"name\":\"Home\",\"item\":\"https:\/\/www.zendehdelan.org\/\"},{\"@type\":\"ListItem\",\"position\":2,\"name\":\"Faiths In Tune &#8211; Berlin\"}]},{\"@type\":\"WebSite\",\"@id\":\"https:\/\/www.zendehdelan.org\/#website\",\"url\":\"https:\/\/www.zendehdelan.org\/\",\"name\":\"MTO Zendeh Delan\",\"description\":\"Sufi Music &amp; Sama Ensemble\",\"publisher\":{\"@id\":\"https:\/\/www.zendehdelan.org\/#organization\"},\"potentialAction\":[{\"@type\":\"SearchAction\",\"target\":{\"@type\":\"EntryPoint\",\"urlTemplate\":\"https:\/\/www.zendehdelan.org\/?s={search_term_string}\"},\"query-input\":{\"@type\":\"PropertyValueSpecification\",\"valueRequired\":true,\"valueName\":\"search_term_string\"}}],\"inLanguage\":\"fr-FR\"},{\"@type\":\"Organization\",\"@id\":\"https:\/\/www.zendehdelan.org\/#organization\",\"name\":\"MTO Zendeh Delan\",\"url\":\"https:\/\/www.zendehdelan.org\/\",\"logo\":{\"@type\":\"ImageObject\",\"inLanguage\":\"fr-FR\",\"@id\":\"https:\/\/www.zendehdelan.org\/#\/schema\/logo\/image\/\",\"url\":\"https:\/\/www.zendehdelan.org\/wp-content\/uploads\/2021\/10\/cropped-zd-logo-2-no-background.png\",\"contentUrl\":\"https:\/\/www.zendehdelan.org\/wp-content\/uploads\/2021\/10\/cropped-zd-logo-2-no-background.png\",\"width\":512,\"height\":512,\"caption\":\"MTO Zendeh Delan\"},\"image\":{\"@id\":\"https:\/\/www.zendehdelan.org\/#\/schema\/logo\/image\/\"},\"sameAs\":[\"https:\/\/www.facebook.com\/ZendehDelan\",\"https:\/\/x.com\/ZendehDelan\",\"https:\/\/www.instagram.com\/mtoshahmaghsoudi\/\",\"https:\/\/www.linkedin.com\/company\/zendeh-delan\u00ae-sufi-music-zekr-&amp;-sama\/\",\"https:\/\/www.youtube.com\/user\/ZendehDelan\"]},{\"@type\":\"Person\",\"@id\":\"https:\/\/www.zendehdelan.org\/#\/schema\/person\/eee54676e11f9cc0438dd6497f43cc9b\",\"name\":\"Reza Faraji\",\"image\":{\"@type\":\"ImageObject\",\"inLanguage\":\"fr-FR\",\"@id\":\"https:\/\/secure.gravatar.com\/avatar\/a37357aaef7463038f6c9938f11df22244a8c29c41ae553e07cb22e3184f5cfc?s=96&d=mm&r=g\",\"url\":\"https:\/\/secure.gravatar.com\/avatar\/a37357aaef7463038f6c9938f11df22244a8c29c41ae553e07cb22e3184f5cfc?s=96&d=mm&r=g\",\"contentUrl\":\"https:\/\/secure.gravatar.com\/avatar\/a37357aaef7463038f6c9938f11df22244a8c29c41ae553e07cb22e3184f5cfc?s=96&d=mm&r=g\",\"caption\":\"Reza Faraji\"}}]}<\/script>\n<!-- \/ Yoast SEO plugin. -->","yoast_head_json":{"title":"Faiths In Tune - Berlin | MTO Zendeh Delan","description":"MTO Zendeh Delan\u00ae took part at the Faiths in Tune festival in Berlin on the 28th August 2022. The festival featured an all-day music & dance festival stage programme, an interfaith fair, interactive workshops, exhibitions on religion and interfaith coexistence.","robots":{"index":"index","follow":"follow","max-snippet":"max-snippet:-1","max-image-preview":"max-image-preview:large","max-video-preview":"max-video-preview:-1"},"canonical":"https:\/\/www.zendehdelan.org\/fr\/faiths-in-tune-festival-berlin\/","og_locale":"fr_FR","og_type":"article","og_title":"Faiths In Tune - Berlin | MTO Zendeh Delan","og_description":"MTO Zendeh Delan\u00ae took part at the Faiths in Tune festival in Berlin on the 28th August 2022. The festival featured an all-day music & dance festival stage programme, an interfaith fair, interactive workshops, exhibitions on religion and interfaith coexistence.","og_url":"https:\/\/www.zendehdelan.org\/fr\/faiths-in-tune-festival-berlin\/","og_site_name":"MTO Zendeh Delan","article_publisher":"https:\/\/www.facebook.com\/ZendehDelan","article_published_time":"2022-08-28T13:12:54+00:00","article_modified_time":"2025-08-25T10:48:22+00:00","og_image":[{"width":1080,"height":1080,"url":"https:\/\/www.zendehdelan.org\/wp-content\/uploads\/2023\/02\/berlin-interfaith-festival.jpeg","type":"image\/jpeg"}],"author":"Reza Faraji","twitter_card":"summary_large_image","twitter_creator":"@ZendehDelan","twitter_site":"@ZendehDelan","twitter_misc":{"\u00c9crit par":"Reza Faraji","Dur\u00e9e de lecture estim\u00e9e":"1 minute"},"schema":{"@context":"https:\/\/schema.org","@graph":[{"@type":"Article","@id":"https:\/\/www.zendehdelan.org\/faiths-in-tune-festival-berlin\/#article","isPartOf":{"@id":"https:\/\/www.zendehdelan.org\/faiths-in-tune-festival-berlin\/"},"author":{"name":"Reza Faraji","@id":"https:\/\/www.zendehdelan.org\/#\/schema\/person\/eee54676e11f9cc0438dd6497f43cc9b"},"headline":"Faiths In Tune &#8211; Berlin","datePublished":"2022-08-28T13:12:54+00:00","dateModified":"2025-08-25T10:48:22+00:00","mainEntityOfPage":{"@id":"https:\/\/www.zendehdelan.org\/faiths-in-tune-festival-berlin\/"},"wordCount":178,"publisher":{"@id":"https:\/\/www.zendehdelan.org\/#organization"},"image":{"@id":"https:\/\/www.zendehdelan.org\/faiths-in-tune-festival-berlin\/#primaryimage"},"thumbnailUrl":"https:\/\/www.zendehdelan.org\/wp-content\/uploads\/2023\/02\/berlin-interfaith-festival.jpeg","articleSection":["Uncategorised"],"inLanguage":"fr-FR"},{"@type":"WebPage","@id":"https:\/\/www.zendehdelan.org\/faiths-in-tune-festival-berlin\/","url":"https:\/\/www.zendehdelan.org\/faiths-in-tune-festival-berlin\/","name":"Faiths In Tune - Berlin | MTO Zendeh Delan","isPartOf":{"@id":"https:\/\/www.zendehdelan.org\/#website"},"primaryImageOfPage":{"@id":"https:\/\/www.zendehdelan.org\/faiths-in-tune-festival-berlin\/#primaryimage"},"image":{"@id":"https:\/\/www.zendehdelan.org\/faiths-in-tune-festival-berlin\/#primaryimage"},"thumbnailUrl":"https:\/\/www.zendehdelan.org\/wp-content\/uploads\/2023\/02\/berlin-interfaith-festival.jpeg","datePublished":"2022-08-28T13:12:54+00:00","dateModified":"2025-08-25T10:48:22+00:00","description":"MTO Zendeh Delan\u00ae took part at the Faiths in Tune festival in Berlin on the 28th August 2022. The festival featured an all-day music & dance festival stage programme, an interfaith fair, interactive workshops, exhibitions on religion and interfaith coexistence.","breadcrumb":{"@id":"https:\/\/www.zendehdelan.org\/faiths-in-tune-festival-berlin\/#breadcrumb"},"inLanguage":"fr-FR","potentialAction":[{"@type":"ReadAction","target":["https:\/\/www.zendehdelan.org\/faiths-in-tune-festival-berlin\/"]}]},{"@type":"ImageObject","inLanguage":"fr-FR","@id":"https:\/\/www.zendehdelan.org\/faiths-in-tune-festival-berlin\/#primaryimage","url":"https:\/\/www.zendehdelan.org\/wp-content\/uploads\/2023\/02\/berlin-interfaith-festival.jpeg","contentUrl":"https:\/\/www.zendehdelan.org\/wp-content\/uploads\/2023\/02\/berlin-interfaith-festival.jpeg","width":1080,"height":1080},{"@type":"BreadcrumbList","@id":"https:\/\/www.zendehdelan.org\/faiths-in-tune-festival-berlin\/#breadcrumb","itemListElement":[{"@type":"ListItem","position":1,"name":"Home","item":"https:\/\/www.zendehdelan.org\/"},{"@type":"ListItem","position":2,"name":"Faiths In Tune &#8211; Berlin"}]},{"@type":"WebSite","@id":"https:\/\/www.zendehdelan.org\/#website","url":"https:\/\/www.zendehdelan.org\/","name":"MTO Zendeh Delan","description":"Sufi Music &amp; Sama Ensemble","publisher":{"@id":"https:\/\/www.zendehdelan.org\/#organization"},"potentialAction":[{"@type":"SearchAction","target":{"@type":"EntryPoint","urlTemplate":"https:\/\/www.zendehdelan.org\/?s={search_term_string}"},"query-input":{"@type":"PropertyValueSpecification","valueRequired":true,"valueName":"search_term_string"}}],"inLanguage":"fr-FR"},{"@type":"Organization","@id":"https:\/\/www.zendehdelan.org\/#organization","name":"MTO Zendeh Delan","url":"https:\/\/www.zendehdelan.org\/","logo":{"@type":"ImageObject","inLanguage":"fr-FR","@id":"https:\/\/www.zendehdelan.org\/#\/schema\/logo\/image\/","url":"https:\/\/www.zendehdelan.org\/wp-content\/uploads\/2021\/10\/cropped-zd-logo-2-no-background.png","contentUrl":"https:\/\/www.zendehdelan.org\/wp-content\/uploads\/2021\/10\/cropped-zd-logo-2-no-background.png","width":512,"height":512,"caption":"MTO Zendeh Delan"},"image":{"@id":"https:\/\/www.zendehdelan.org\/#\/schema\/logo\/image\/"},"sameAs":["https:\/\/www.facebook.com\/ZendehDelan","https:\/\/x.com\/ZendehDelan","https:\/\/www.instagram.com\/mtoshahmaghsoudi\/","https:\/\/www.linkedin.com\/company\/zendeh-delan\u00ae-sufi-music-zekr-&amp;-sama\/","https:\/\/www.youtube.com\/user\/ZendehDelan"]},{"@type":"Person","@id":"https:\/\/www.zendehdelan.org\/#\/schema\/person\/eee54676e11f9cc0438dd6497f43cc9b","name":"Reza Faraji","image":{"@type":"ImageObject","inLanguage":"fr-FR","@id":"https:\/\/secure.gravatar.com\/avatar\/a37357aaef7463038f6c9938f11df22244a8c29c41ae553e07cb22e3184f5cfc?s=96&d=mm&r=g","url":"https:\/\/secure.gravatar.com\/avatar\/a37357aaef7463038f6c9938f11df22244a8c29c41ae553e07cb22e3184f5cfc?s=96&d=mm&r=g","contentUrl":"https:\/\/secure.gravatar.com\/avatar\/a37357aaef7463038f6c9938f11df22244a8c29c41ae553e07cb22e3184f5cfc?s=96&d=mm&r=g","caption":"Reza Faraji"}}]}},"_links":{"self":[{"href":"https:\/\/www.zendehdelan.org\/fr\/wp-json\/wp\/v2\/posts\/1703","targetHints":{"allow":["GET"]}}],"collection":[{"href":"https:\/\/www.zendehdelan.org\/fr\/wp-json\/wp\/v2\/posts"}],"about":[{"href":"https:\/\/www.zendehdelan.org\/fr\/wp-json\/wp\/v2\/types\/post"}],"author":[{"embeddable":true,"href":"https:\/\/www.zendehdelan.org\/fr\/wp-json\/wp\/v2\/users\/2"}],"replies":[{"embeddable":true,"href":"https:\/\/www.zendehdelan.org\/fr\/wp-json\/wp\/v2\/comments?post=1703"}],"version-history":[{"count":3,"href":"https:\/\/www.zendehdelan.org\/fr\/wp-json\/wp\/v2\/posts\/1703\/revisions"}],"predecessor-version":[{"id":1706,"href":"https:\/\/www.zendehdelan.org\/fr\/wp-json\/wp\/v2\/posts\/1703\/revisions\/1706"}],"wp:featuredmedia":[{"embeddable":true,"href":"https:\/\/www.zendehdelan.org\/fr\/wp-json\/wp\/v2\/media\/1689"}],"wp:attachment":[{"href":"https:\/\/www.zendehdelan.org\/fr\/wp-json\/wp\/v2\/media?parent=1703"}],"wp:term":[{"taxonomy":"category","embeddable":true,"href":"https:\/\/www.zendehdelan.org\/fr\/wp-json\/wp\/v2\/categories?post=1703"},{"taxonomy":"post_tag","embeddable":true,"href":"https:\/\/www.zendehdelan.org\/fr\/wp-json\/wp\/v2\/tags?post=1703"}],"curies":[{"name":"wp","href":"https:\/\/api.w.org\/{rel}","templated":true}]}}